{"id":2125,"date":"2023-11-30T13:07:36","date_gmt":"2023-11-30T12:07:36","guid":{"rendered":"https:\/\/laviejuive.fr\/?p=2125"},"modified":"2023-11-30T13:07:36","modified_gmt":"2023-11-30T12:07:36","slug":"magazine-la-vie-juive","status":"publish","type":"post","link":"https:\/\/laviejuive.fr\/index.php\/2023\/11\/30\/magazine-la-vie-juive\/","title":{"rendered":"MAGAZINE LA VIE JUIVE"},"content":{"rendered":"<h1>V\u00e9ritable vecteur d\u2019informations au sein de la communaut\u00e9 juive fran\u00e7aise<\/h1>\n<p>Le magazine gratuit <strong>La Vie Juive<\/strong> a \u00e9t\u00e9 cr\u00e9\u00e9 il y a sept ans, en 2014 par Carole Tidghi depuis sa ville de r\u00e9sidence de Lyon.<\/p>\n<p>Le premier num\u00e9ro, \u00e0 vocation d\u2019abord r\u00e9gionale, avait pour but de tracer les contours de la f\u00eate de Pessah, ses halakhot, ses coutumes, sa symbolique.<\/p>\n<h2>D\u00e9veloppement du magazine<\/h2>\n<p>Progressivement, la directrice de publication a phosphor\u00e9, \u00e9toff\u00e9, d\u00e9velopp\u00e9 son m\u00e9dia au point de devenir le titre de la presse juive ayant le plus gros tirage avec 20\u00a0000 exemplaires par num\u00e9ro. Logiquement, sa distribution s\u2019est \u00e9galement diversifi\u00e9e avec un maillage sur tout le territoire fran\u00e7ais, la Suisse et les Dom Tom.<\/p>\n<h2>Pr\u00e9sence et Contributions<\/h2>\n<p>Aujourd\u2019hui, le magazine est pr\u00e9sent dans tous les lieux de rencontre de la communaut\u00e9 juive, les synagogues. Parmi les signatures, on peut retrouver l\u2019historienne et doctorante Elisheva Caroline Rebouh, et de nombreux rabbanim.<\/p>\n<p>En l\u2019occurrence, le c\u00e9l\u00e8bre auteur de \u00ab\u00a0J\u2019ai dit merci et j\u2019ai \u00e9t\u00e9 sauv\u00e9\u00a0\u00bb, le Rav Chalom Arouch, le rabbin Elie Lemmel, conf\u00e9rencier et directeur de l\u2019association Lev, avec une ligne d\u00e9di\u00e9e \u00e0 la m\u00e9diation familiale. Et bien d\u2019autres pointures de l\u2019\u00e9tude tora\u00cfque.<\/p>\n<h2>Publication et \u00c9v\u00e9nements Sp\u00e9ciaux<\/h2>\n<p>Le magazine est publi\u00e9 \u00e0 raison de cinq fois par an, au rythme des yomim tovim et des grands \u00e9v\u00e8nements du calendrier h\u00e9bra\u00cfque (Les f\u00eates de Tichri, Hannouka, Pourim, Pessah et Chavouot). Certaines ann\u00e9es ont \u00e9t\u00e9 marqu\u00e9es par l\u2019\u00e9dition de num\u00e9ros sp\u00e9ciaux avec pour th\u00e9matique \u00ab\u00a0Les c\u00e9r\u00e9monies\u00a0\u00bb, autour du mariage, des brit-mila, des bar-mitsva, et d\u2019autres autour des s\u00e9jours d\u2019\u00e9t\u00e9 et des s\u00e9jours de Pessah.<\/p>\n<h2>Transition Num\u00e9rique<\/h2>\n<p>Le magazine <em>La Vie Juive<\/em> est en train d\u2019op\u00e9rer sa mue num\u00e9rique. D\u00e9cid\u00e9e \u00e0 rester un maillon incontournable au sein de la communaut\u00e9 juive, en plus de sa version \u00ab\u00a0papier\u00a0\u00bb ou \u00ab\u00a0print\u00a0\u00bb, La Vie Juive aura d\u00e9sormais son site internet compl\u00e8tement repens\u00e9, r\u00e9nov\u00e9.<\/p>\n<p>Le lecteur pourra toujours y retrouver ses rubriques habituelles concernant les yomim tovim, les coutumes des grands \u00e9v\u00e8nements de la vie juive comme les fian\u00e7ailles ou le mariage, les \u00e9ditoriaux des grands rabbanim.<\/p>\n<p>Mais La Vie Juive esp\u00e8re devenir \u00e9galement un acteur du tourisme casher. Et c\u2019est une nouveaut\u00e9 de taille. La Vie Juive compte proposer des voyages casher au Maroc 100% personnalisables depuis la location d\u2019un riad avec cuisini\u00e8re \u00e0 demeure en passant par le circuit qui alliera p\u00e8lerinage des grands tsadikkim et lieux d\u2019int\u00e9r\u00eat culturel majeur autour du patrimoine juif marocain. Le tout en groupe, en famille. Et surtout un s\u00e9jour \u00e0 la carte. La Vie Juive assurera l\u2019approvisionnement alimentaire de tous les produits avec certifications casher et la cash\u00e9risation de certaines pi\u00e8ces de l\u2019\u00e9lectrom\u00e9nager.<\/p>\n<p>Le site internet <a href=\"#\">La Vie Juive<\/a> sera \u00e9galement une vitrine inventive et tr\u00e8s intuitive pour d\u00e9nicher son s\u00e9jour casher parmi toutes les offres existantes sur le march\u00e9\u00a0!<\/p>\n<h2>Plateforme Communautaire<\/h2>\n<p>Par ailleurs, le site internet de La Vie Juive a pour vocation d\u2019\u00eatre une plateforme pour toutes les communaut\u00e9s juives de France qui pourront y d\u00e9poser les informations concernant l\u2019organisation de conf\u00e9rences, de shabat communautaires, de toutes leurs activit\u00e9s.<\/p>\n","protected":false},"excerpt":{"rendered":"<p>V\u00e9ritable vecteur d\u2019informations au sein de la communaut\u00e9 juive fran\u00e7aise Le magazine gratuit La Vie Juive a \u00e9t\u00e9 cr\u00e9\u00e9 il y a sept ans, en 2014 par Carole Tidghi depuis sa ville de r\u00e9sidence de Lyon. Le premier num\u00e9ro, \u00e0 vocation d\u2019abord r\u00e9gionale, avait pour but de tracer les contours de la f\u00eate de Pessah, [&hellip;]<\/p>\n","protected":false},"author":1,"featured_media":0,"comment_status":"closed","ping_status":"closed","sticky":false,"template":"","format":"standard","meta":{"tdm_status":"","tdm_grid_status":"","footnotes":""},"categories":[1],"tags":[],"_links":{"self":[{"href":"https:\/\/laviejuive.fr\/index.php\/wp-json\/wp\/v2\/posts\/2125"}],"collection":[{"href":"https:\/\/laviejuive.fr\/index.php\/wp-json\/wp\/v2\/posts"}],"about":[{"href":"https:\/\/laviejuive.fr\/index.php\/wp-json\/wp\/v2\/types\/post"}],"author":[{"embeddable":true,"href":"https:\/\/laviejuive.fr\/index.php\/wp-json\/wp\/v2\/users\/1"}],"replies":[{"embeddable":true,"href":"https:\/\/laviejuive.fr\/index.php\/wp-json\/wp\/v2\/comments?post=2125"}],"version-history":[{"count":3,"href":"https:\/\/laviejuive.fr\/index.php\/wp-json\/wp\/v2\/posts\/2125\/revisions"}],"predecessor-version":[{"id":2130,"href":"https:\/\/laviejuive.fr\/index.php\/wp-json\/wp\/v2\/posts\/2125\/revisions\/2130"}],"wp:attachment":[{"href":"https:\/\/laviejuive.fr\/index.php\/wp-json\/wp\/v2\/media?parent=2125"}],"wp:term":[{"taxonomy":"category","embeddable":true,"href":"https:\/\/laviejuive.fr\/index.php\/wp-json\/wp\/v2\/categories?post=2125"},{"taxonomy":"post_tag","embeddable":true,"href":"https:\/\/laviejuive.fr\/index.php\/wp-json\/wp\/v2\/tags?post=2125"}],"curies":[{"name":"wp","href":"https:\/\/api.w.org\/{rel}","templated":true}]}}