{"id":2154,"date":"2023-12-04T10:04:36","date_gmt":"2023-12-04T09:04:36","guid":{"rendered":"https:\/\/laviejuive.fr\/?p=2154"},"modified":"2023-12-04T10:04:36","modified_gmt":"2023-12-04T09:04:36","slug":"portrait-dalyah-ilana-de-marseille-a-netanya","status":"publish","type":"post","link":"https:\/\/laviejuive.fr\/index.php\/2023\/12\/04\/portrait-dalyah-ilana-de-marseille-a-netanya\/","title":{"rendered":"Portrait d\u2019Alyah : Ilana, de Marseille \u00e0 Netanya"},"content":{"rendered":"<p><strong>Ilana<\/strong> (pr\u00e9nom d\u2019emprunt), 33 ans, originaire de Marseille et vit aujourd\u2019hui \u00e0 Netanya avec son mari et ses deux enfants. \u00ab\u00a0En septembre 2023, je f\u00eate mes dix ans d\u2019alyah.\u00a0\u00bb Ilana, aujourd\u2019hui compl\u00e8tement int\u00e9gr\u00e9e \u00e0 la vie sociale et professionnelle isra\u00e9lienne, a la particularit\u00e9 qu\u2019avant de faire son alyah, elle n\u2019avait jamais mis les pieds en Isra\u00ebl\u00a0!<\/p>\n<p>\u00ab\u00a0Je venais de finir mon BTS, mes \u00e9tudes. Et mon fr\u00e8re avait d\u00e9croch\u00e9 son Bac apr\u00e8s une scolarit\u00e9 au Gan Ami o\u00f9 le lien avec Isra\u00ebl est tr\u00e8s fort. Il avait envie de partir. Ni une, ni deux, je lui ai dit \u00ab\u00a0Je pars avec toi\u00a0\u00bb. Sur un \u00ab\u00a0coup de t\u00eate\u00a0\u00bb. Leurs parents les accompagnent pendant les f\u00eates de Tichri. Et pendant Hol Hamoed, ils cherchent un appartement et le trouvent. D\u00e8s lors, une nouvelle vie commence pour la jeune femme traditionnaliste.<\/p>\n<p>\u00ab\u00a0Mon fr\u00e8re faisait sa vie, il \u00e9tait en alternance avec l\u2019\u00e9cole h\u00f4teli\u00e8re Vatel (ndlr\u00a0: qui n\u2019existe plus aujourd\u2019hui \u00e0 Tel Aviv) \u00e0 Tel Aviv.\u00a0\u00bb Mais les premiers temps sont durs\u00a0: \u00ab\u00a0Mon fr\u00e8re est encore un enfant \u00e0 ce moment-l\u00e0. Ou presque. Dans les administrations, dans les commerces, personne ne parlait fran\u00e7ais.\u00a0\u00bb Et il lui fallait d\u00e9crocher un job pour pouvoir payer le loyer. La jeune trentenaire se retrousse les manches, elle se d\u00e9brouille avec ses notions d\u2019h\u00e9breu, adapte son CV, orient\u00e9 dans la relation clients.<\/p>\n<p>Un premier miracle arrive. Il y a des travaux dans l\u2019immeuble, elle discute avec l\u2019un des ouvriers qui lui confie que son fils cherche une h\u00f4tesse d\u2019accueil pour son entreprise, un poste \u00e0 mi-temps qui n\u00e9cessite surtout de r\u00e9pondre au t\u00e9l\u00e9phone. Un travail qui va lui permettre de reprendre ses cours d\u2019h\u00e9breu \u00e0 l\u2019oulpan. Six mois plus tard, elle est fi\u00e8re d\u2019avoir sa \u00ab\u00a0t\u00e9ouda z\u00e9out\u00a0\u00bb, sa carte d\u2019identit\u00e9 isra\u00e9lienne. Elle encha\u00eene les boulots. Sa s\u0153ur va rejoindre la fratrie en Isra\u00ebl tandis que son fr\u00e8re retourne vivre en France.<\/p>\n<p>Et ce sont, \u00e0 leur tour, les parents d\u2019Ilana qui s\u2019installent sur la terre d\u2019Isra\u00ebl. Entre temps, via un groupe de rencontres pour c\u00e9libataires sur Facebook, elle se lie avec un jeune homme vivant \u00e0 Sarcelles. Il connaissait bien Isra\u00ebl pour avoir une grande partie de sa famille \u00e0 J\u00e9rusalem. Il avait d\u2019ailleurs une premi\u00e8re fois tent\u00e9 de faire son alyah. Cela n\u2019avait pas march\u00e9. La seconde fois sera la bonne. Ils fixent une date de mariage. Il veut vivre \u00e0 J\u00e9rusalem, elle est install\u00e9e \u00e0 Netanya. Ils finiront par choisir cette option-l\u00e0.<\/p>\n<p>Le mari d\u2019Ilana va travailler rapidement dans l\u2019usine de production de charcuterie familiale et d\u00e9veloppe parall\u00e8lement une activit\u00e9 dans la s\u00e9curit\u00e9, l\u2019installation de climatiseur. \u00ab\u00a0Il n\u2019a pas eu besoin de faire d\u2019oulpan, il est intelligent, il apprend vite. Il s\u2019est r\u00e9appropri\u00e9 l\u2019h\u00e9breu de la rue. Tout est possible ici en Isra\u00ebl. Tout s\u2019apprend. On nous donne une chance m\u00eame si on n\u2019avait pas d\u2019exp\u00e9rience. Contrairement \u00e0 la France.\u00a0\u00bb Aujourd\u2019hui, apr\u00e8s avoir eu deux enfants, Ilana vit toujours \u00e0 Netanya avec son mari et occupe un poste de responsable marketing dans une soci\u00e9t\u00e9 isra\u00e9lienne. \u00ab\u00a0Je manage l\u2019\u00e9quipe francophone\u00a0\u00bb.<\/p>\n","protected":false},"excerpt":{"rendered":"<p>Ilana (pr\u00e9nom d\u2019emprunt), 33 ans, originaire de Marseille et vit aujourd\u2019hui \u00e0 Netanya avec son mari et ses deux enfants. \u00ab\u00a0En septembre 2023, je f\u00eate mes dix ans d\u2019alyah.\u00a0\u00bb Ilana, aujourd\u2019hui compl\u00e8tement int\u00e9gr\u00e9e \u00e0 la vie sociale et professionnelle isra\u00e9lienne, a la particularit\u00e9 qu\u2019avant de faire son alyah, elle n\u2019avait jamais mis les pieds en [&hellip;]<\/p>\n","protected":false},"author":1,"featured_media":2100,"comment_status":"closed","ping_status":"closed","sticky":false,"template":"","format":"standard","meta":{"tdm_status":"","tdm_grid_status":"","footnotes":""},"categories":[64,77],"tags":[],"_links":{"self":[{"href":"https:\/\/laviejuive.fr\/index.php\/wp-json\/wp\/v2\/posts\/2154"}],"collection":[{"href":"https:\/\/laviejuive.fr\/index.php\/wp-json\/wp\/v2\/posts"}],"about":[{"href":"https:\/\/laviejuive.fr\/index.php\/wp-json\/wp\/v2\/types\/post"}],"author":[{"embeddable":true,"href":"https:\/\/laviejuive.fr\/index.php\/wp-json\/wp\/v2\/users\/1"}],"replies":[{"embeddable":true,"href":"https:\/\/laviejuive.fr\/index.php\/wp-json\/wp\/v2\/comments?post=2154"}],"version-history":[{"count":1,"href":"https:\/\/laviejuive.fr\/index.php\/wp-json\/wp\/v2\/posts\/2154\/revisions"}],"predecessor-version":[{"id":2155,"href":"https:\/\/laviejuive.fr\/index.php\/wp-json\/wp\/v2\/posts\/2154\/revisions\/2155"}],"wp:featuredmedia":[{"embeddable":true,"href":"https:\/\/laviejuive.fr\/index.php\/wp-json\/wp\/v2\/media\/2100"}],"wp:attachment":[{"href":"https:\/\/laviejuive.fr\/index.php\/wp-json\/wp\/v2\/media?parent=2154"}],"wp:term":[{"taxonomy":"category","embeddable":true,"href":"https:\/\/laviejuive.fr\/index.php\/wp-json\/wp\/v2\/categories?post=2154"},{"taxonomy":"post_tag","embeddable":true,"href":"https:\/\/laviejuive.fr\/index.php\/wp-json\/wp\/v2\/tags?post=2154"}],"curies":[{"name":"wp","href":"https:\/\/api.w.org\/{rel}","templated":true}]}}